[{"@context":"https:\/\/schema.org\/","@type":"Article","@id":"https:\/\/www.ignisplus.cz\/je-lepsi-bydlet-v-prizemi-nebo-ve-vyssim-patre\/#Article","mainEntityOfPage":"https:\/\/www.ignisplus.cz\/je-lepsi-bydlet-v-prizemi-nebo-ve-vyssim-patre\/","headline":"Je lep\u0161\u00ed bydlet v p\u0159\u00edzem\u00ed, nebo ve vy\u0161\u0161\u00edm pat\u0159e?","name":"Je lep\u0161\u00ed bydlet v p\u0159\u00edzem\u00ed, nebo ve vy\u0161\u0161\u00edm pat\u0159e?","description":"St\u00e1le v\u00edce lid\u00ed se v\u00a0sou\u010dasn\u00e9 dob\u011b st\u011bhuje do bytu. D\u016fvodem je sou\u010dasn\u00e1 krize bydlen\u00ed, kter\u00e1 n\u00e1s \u010dasto nut\u00ed hledat tu nejlevn\u011bj\u0161\u00ed variantu \u2013 a byty jsou \u010dasto nejlevn\u011bj\u0161\u00ed, o n\u00e1kladech na \u00fadr\u017ebu ani nemluv\u011b. Proto nen\u00ed divu, \u017ee jsou byty \u010d\u00edm d\u00e1l popul\u00e1rn\u011bj\u0161\u00ed. Ov\u0161em p\u0159i jeho v\u00fdb\u011bru \u010dasto zapom\u00edn\u00e1me na...","datePublished":"2024-07-30","dateModified":"2024-07-30","author":{"@type":"Person","@id":"https:\/\/www.ignisplus.cz\/author\/devene\/#Person","name":"devene","url":"https:\/\/www.ignisplus.cz\/author\/devene\/","identifier":1,"image":{"@type":"ImageObject","@id":"https:\/\/secure.gravatar.com\/avatar\/70bfba35016f640cc40a20bdb6eeeb519f15df7de2446955eee0a1f10ed86e77?s=96&d=mm&r=g","url":"https:\/\/secure.gravatar.com\/avatar\/70bfba35016f640cc40a20bdb6eeeb519f15df7de2446955eee0a1f10ed86e77?s=96&d=mm&r=g","height":96,"width":96}},"publisher":{"@type":"Organization","name":"ignisplus.cz","logo":{"@type":"ImageObject","@id":"\/logo.png","url":"\/logo.png","width":600,"height":60}},"image":{"@type":"ImageObject","@id":"https:\/\/www.ignisplus.cz\/wp-content\/uploads\/byt2_10_10_10_10.jpg","url":"https:\/\/www.ignisplus.cz\/wp-content\/uploads\/byt2_10_10_10_10.jpg","height":0,"width":0},"url":"https:\/\/www.ignisplus.cz\/je-lepsi-bydlet-v-prizemi-nebo-ve-vyssim-patre\/","about":["Byt a d\u016fm"],"wordCount":471,"articleBody":"St\u00e1le v\u00edce lid\u00ed se v\u00a0sou\u010dasn\u00e9 dob\u011b st\u011bhuje do bytu. D\u016fvodem je sou\u010dasn\u00e1 krize bydlen\u00ed, kter\u00e1 n\u00e1s \u010dasto nut\u00ed hledat tu nejlevn\u011bj\u0161\u00ed variantu \u2013 a byty jsou \u010dasto nejlevn\u011bj\u0161\u00ed, o n\u00e1kladech na \u00fadr\u017ebu ani nemluv\u011b. Proto nen\u00ed divu, \u017ee jsou byty \u010d\u00edm d\u00e1l popul\u00e1rn\u011bj\u0161\u00ed. Ov\u0161em p\u0159i jeho v\u00fdb\u011bru \u010dasto zapom\u00edn\u00e1me na jeden detail: ve kter\u00e9m pat\u0159e se konkr\u00e9tn\u011b nach\u00e1z\u00ed?\u00a0Kdy\u017e si vyb\u00edr\u00e1me byt, tak se v\u011bt\u0161inou d\u00edv\u00e1me na jeho velikost, um\u00edst\u011bn\u00ed, na to, zda je tam balk\u00f3n, jak\u00e9 je okol\u00ed a podobn\u011b. Zaj\u00edm\u00e1 n\u00e1s vzd\u00e1lenost od nejbli\u017e\u0161\u00edho obchodu, l\u00e9ka\u0159e \u010di d\u011btsk\u00e9ho h\u0159i\u0161t\u011b, tak\u00e9 to, jak\u00fd je v\u00a0okol\u00ed provoz \u010di jak je to zde s\u00a0parkov\u00e1n\u00edm. A to v\u0161e je samoz\u0159ejm\u011b d\u016fle\u017eit\u00e9, p\u0159i tom v\u0161em v\u0161ak opom\u00edn\u00e1me ot\u00e1zku, ve kter\u00e9m pat\u0159e onen byt je. P\u0159itom je to ot\u00e1zka, kter\u00e1 by n\u00e1s m\u011bla tak\u00e9 zaj\u00edmat. Jak p\u0159\u00edzemn\u00ed byty, tak i ty ve vy\u0161\u0161\u00edch patrech, maj\u00ed sv\u00e9 v\u00fdhody a nev\u00fdhody.\u00a0\u00a0Pokud bydl\u00edme v\u00a0p\u0159\u00edzem\u00ed, bude k\u00a0n\u00e1m nejv\u00edce dol\u00e9hat hluk z\u00a0ulice. Tak\u00e9 je pro p\u0159\u00edpadn\u00e9ho zlod\u011bje zdaleka nejsnaz\u0161\u00ed se do n\u011bj dostat, a\u0165 u\u017e oknem \u010di balk\u00f3nem. V\u00a0n\u011bkter\u00fdch lokalit\u00e1ch je dokonce nutn\u00e9 m\u00edt v\u00a0p\u0159\u00edzem\u00ed na oknech i na balk\u00f3n\u011b m\u0159\u00ed\u017ee, pr\u00e1v\u011b z\u00a0tohoto d\u016fvodu. Na druhou stranu je v\u0161ak tak\u00e9 pravdou, \u017ee se nemus\u00edme b\u00e1t p\u0159\u00edpadn\u00e9ho vypadnut\u00ed z\u00a0okna. Tak\u00e9 pro lidi, kte\u0159\u00ed maj\u00ed fobie z\u00a0v\u00fd\u0161ek, je to zdaleka nejlep\u0161\u00ed, a mnohdy i v\u00a0podstat\u011b jedin\u00e1, mo\u017enost.\u00a0\u00a0Na druhou stranu bydlen\u00ed ve vy\u0161\u0161\u00edm pat\u0159e m\u016f\u017ee b\u00fdt tak\u00e9 nebezpe\u010dn\u00e9. P\u0159i velmi siln\u00e9m v\u011btru \u010di bou\u0159ce, kter\u00fdch je v\u00a0posledn\u00edch letech \u010d\u00edm d\u00e1l v\u00edc, o torn\u00e1dech ani nemluv\u011b, jsou zde lid\u00e9 ve v\u011bt\u0161\u00edm nebezpe\u010d\u00ed. Tak\u00e9 pokud vznikne t\u0159eba po\u017e\u00e1r, maj\u00ed tito lid\u00e9 nejmen\u0161\u00ed \u0161anci na \u00fat\u011bk. To je tak\u00e9 n\u011bco, co bychom m\u011bli p\u0159i v\u00fdb\u011bru zv\u00e1\u017eit. Je v\u0161ak tak\u00e9 pravdou, \u017ee zde budeme m\u00edt lep\u0161\u00ed v\u00fdhled, a budeme tak\u00e9 d\u00e1l od zne\u010di\u0161t\u011bn\u00ed ovzdu\u0161\u00ed zp\u016fsobovan\u00e9 auty.\u00a0Ob\u011b mo\u017enosti tedy maj\u00ed sv\u00e1 jasn\u00e1 pro a proti, a z\u00e1le\u017e\u00ed jen na n\u00e1s, pro kterou z\u00a0nich se rozhodneme. Ka\u017ed\u00e9mu vyhovuje n\u011bco jin\u00e9ho, a tak by to tak\u00e9 m\u011blo b\u00fdt.                                                                                                                                                                                                                                                                                                                                                                                        4\/5 - (4 votes)        "},{"@context":"https:\/\/schema.org\/","@type":"BreadcrumbList","itemListElement":[{"@type":"ListItem","position":1,"name":"Je lep\u0161\u00ed bydlet v p\u0159\u00edzem\u00ed, nebo ve vy\u0161\u0161\u00edm pat\u0159e?","item":"https:\/\/www.ignisplus.cz\/je-lepsi-bydlet-v-prizemi-nebo-ve-vyssim-patre\/#breadcrumbitem"}]}]